{"id":13439,"date":"2022-07-14T12:35:02","date_gmt":"2022-07-14T10:35:02","guid":{"rendered":"https:\/\/www.cuadernosviajeros.com\/?p=13439"},"modified":"2022-08-27T15:32:48","modified_gmt":"2022-08-27T13:32:48","slug":"el-veneno-de-la-vibora","status":"publish","type":"post","link":"https:\/\/www.cuadernosviajeros.com\/?p=13439","title":{"rendered":"El veneno de la v\u00edbora"},"content":{"rendered":"\n<p>En el claustro del Centro Cultural Clarisas se expone hasta el d\u00eda 24 de julio <em>El veneno de la v\u00edbora<\/em>, una exposici\u00f3n del artista Toni L\u00f3pez con la que muestra un conjunto de abstracciones geom\u00e9tricas y naturalistas, realizadas con acr\u00edlico y cemento sobre tablero, basadas en fragmentos y detalles de los \u00abcuadros\u00bb que se pintaron en la Rambla en el primer Proyecto V\u00edbora en 1991 y dedicadas a la memoria de los artistas que participaron en aquella fiesta de pintura mural. <\/p>\n\n\n\n<p><strong><em>El d\u00eda 15 de julio, de 21.00 a 23.00 h habr\u00e1 un encuentro de artistas alrededor de la exposici\u00f3n.<\/em><\/strong><\/p>\n\n\n\n<p>Exposici\u00f3n: <em>El veneno de la v\u00edbora. <\/em>del artista Toni L\u00f3pez.\u00a0<\/p>\n\n\n\n<p>Horario: de martes a s\u00e1bado de 10 a 14 horas y de 15 a 18 horas. Domingos y festivos de 10 a 14 horas.<\/p>\n\n\n\n<p>Entrada: libre.<\/p>\n\n\n\n<figure class=\"wp-block-image size-large is-resized\"><a href=\"https:\/\/www.cuadernosviajeros.com\/wp-content\/uploads\/2022\/07\/293189302_5170746739704527_4869398384765767579_n.jpeg\"><img loading=\"lazy\" decoding=\"async\" src=\"https:\/\/www.cuadernosviajeros.com\/wp-content\/uploads\/2022\/07\/293189302_5170746739704527_4869398384765767579_n-724x1024.jpeg\" alt=\"\" class=\"wp-image-13440\" width=\"481\" height=\"680\" srcset=\"https:\/\/www.cuadernosviajeros.com\/wp-content\/uploads\/2022\/07\/293189302_5170746739704527_4869398384765767579_n-724x1024.jpeg 724w, https:\/\/www.cuadernosviajeros.com\/wp-content\/uploads\/2022\/07\/293189302_5170746739704527_4869398384765767579_n-212x300.jpeg 212w, https:\/\/www.cuadernosviajeros.com\/wp-content\/uploads\/2022\/07\/293189302_5170746739704527_4869398384765767579_n-768x1086.jpeg 768w, https:\/\/www.cuadernosviajeros.com\/wp-content\/uploads\/2022\/07\/293189302_5170746739704527_4869398384765767579_n-1086x1536.jpeg 1086w, https:\/\/www.cuadernosviajeros.com\/wp-content\/uploads\/2022\/07\/293189302_5170746739704527_4869398384765767579_n.jpeg 1131w\" sizes=\"(max-width: 481px) 100vw, 481px\" \/><\/a><\/figure>\n","protected":false},"excerpt":{"rendered":"<p>En el claustro del Centro Cultural Clarisas se expone hasta el d\u00eda 24 de julio El veneno de la v\u00edbora, una exposici\u00f3n del artista Toni L\u00f3pez con la que muestra un conjunto de abstracciones geom\u00e9tricas y naturalistas, realizadas con acr\u00edlico &hellip; <a href=\"https:\/\/www.cuadernosviajeros.com\/?p=13439\">Continue reading <span class=\"meta-nav\">&rarr;<\/span><\/a><\/p>\n","protected":false},"author":2,"featured_media":0,"comment_status":"open","ping_status":"","sticky":false,"template":"","format":"standard","meta":{"ngg_post_thumbnail":0,"footnotes":""},"categories":[12,22],"tags":[],"_links":{"self":[{"href":"https:\/\/www.cuadernosviajeros.com\/index.php?rest_route=\/wp\/v2\/posts\/13439"}],"collection":[{"href":"https:\/\/www.cuadernosviajeros.com\/index.php?rest_route=\/wp\/v2\/posts"}],"about":[{"href":"https:\/\/www.cuadernosviajeros.com\/index.php?rest_route=\/wp\/v2\/types\/post"}],"author":[{"embeddable":true,"href":"https:\/\/www.cuadernosviajeros.com\/index.php?rest_route=\/wp\/v2\/users\/2"}],"replies":[{"embeddable":true,"href":"https:\/\/www.cuadernosviajeros.com\/index.php?rest_route=%2Fwp%2Fv2%2Fcomments&post=13439"}],"version-history":[{"count":0,"href":"https:\/\/www.cuadernosviajeros.com\/index.php?rest_route=\/wp\/v2\/posts\/13439\/revisions"}],"wp:attachment":[{"href":"https:\/\/www.cuadernosviajeros.com\/index.php?rest_route=%2Fwp%2Fv2%2Fmedia&parent=13439"}],"wp:term":[{"taxonomy":"category","embeddable":true,"href":"https:\/\/www.cuadernosviajeros.com\/index.php?rest_route=%2Fwp%2Fv2%2Fcategories&post=13439"},{"taxonomy":"post_tag","embeddable":true,"href":"https:\/\/www.cuadernosviajeros.com\/index.php?rest_route=%2Fwp%2Fv2%2Ftags&post=13439"}],"curies":[{"name":"wp","href":"https:\/\/api.w.org\/{rel}","templated":true}]}}