{"id":2624,"date":"2017-02-25T20:21:38","date_gmt":"2017-02-25T19:21:38","guid":{"rendered":"http:\/\/www.cuadernosviajeros.com\/?p=2624"},"modified":"2017-02-25T20:21:38","modified_gmt":"2017-02-25T19:21:38","slug":"proximo-lugar-de-encuentro-215","status":"publish","type":"post","link":"https:\/\/www.cuadernosviajeros.com\/?p=2624","title":{"rendered":"Pr\u00f3ximo lugar de encuentro."},"content":{"rendered":"<p>El s\u00e1bado, 4 de marzo, nos volvemos a citar en la Plaza del Obispo Siuri, de Elche. A las 10:00 horas.<\/p>\n<p>El proyecto inicial de la plaza (1988-1991) lo realiz\u00f3 el arquitecto catal\u00e1n, Lluis Cantallops, que s\u00f3lo se ejecut\u00f3 en parte y posteriormente ha sufrido diversas modificaciones. En la plaza peatonal se crea un paisaje artificial de referencias naturales, donde la idea del suelo como entorno envolvente contrasta con el orden geom\u00e9trico de la p\u00e9rgola perimetral de doble anillo circular y soportes triangulares, que se une mediante cables al m\u00e1stil central iluminado. El conjunto ten\u00eda que ir acompa\u00f1ado de arbolado en las calles adyacentes. (De la <em>Guia de Arquitectura de la provincia de Alicante<\/em>, 1999, dirigida por Gaspar Jaen.)<\/p>\n<p><a href=\"http:\/\/www.cuadernosviajeros.com\/wp-content\/uploads\/2017\/02\/MG_7501.jpg\"><img loading=\"lazy\" decoding=\"async\" class=\"aligncenter size-medium wp-image-2625\" src=\"http:\/\/www.cuadernosviajeros.com\/wp-content\/uploads\/2017\/02\/MG_7501-300x200.jpg\" alt=\"\" width=\"300\" height=\"200\" srcset=\"https:\/\/www.cuadernosviajeros.com\/wp-content\/uploads\/2017\/02\/MG_7501-300x200.jpg 300w, https:\/\/www.cuadernosviajeros.com\/wp-content\/uploads\/2017\/02\/MG_7501-768x512.jpg 768w, https:\/\/www.cuadernosviajeros.com\/wp-content\/uploads\/2017\/02\/MG_7501.jpg 800w\" sizes=\"(max-width: 300px) 100vw, 300px\" \/><\/a><\/p>\n","protected":false},"excerpt":{"rendered":"<p>El s\u00e1bado, 4 de marzo, nos volvemos a citar en la Plaza del Obispo Siuri, de Elche. A las 10:00 horas. El proyecto inicial de la plaza (1988-1991) lo realiz\u00f3 el arquitecto catal\u00e1n, Lluis Cantallops, que s\u00f3lo se ejecut\u00f3 en &hellip; <a href=\"https:\/\/www.cuadernosviajeros.com\/?p=2624\">Continue reading <span class=\"meta-nav\">&rarr;<\/span><\/a><\/p>\n","protected":false},"author":2,"featured_media":0,"comment_status":"open","ping_status":"open","sticky":false,"template":"","format":"standard","meta":{"ngg_post_thumbnail":0,"footnotes":""},"categories":[6],"tags":[],"_links":{"self":[{"href":"https:\/\/www.cuadernosviajeros.com\/index.php?rest_route=\/wp\/v2\/posts\/2624"}],"collection":[{"href":"https:\/\/www.cuadernosviajeros.com\/index.php?rest_route=\/wp\/v2\/posts"}],"about":[{"href":"https:\/\/www.cuadernosviajeros.com\/index.php?rest_route=\/wp\/v2\/types\/post"}],"author":[{"embeddable":true,"href":"https:\/\/www.cuadernosviajeros.com\/index.php?rest_route=\/wp\/v2\/users\/2"}],"replies":[{"embeddable":true,"href":"https:\/\/www.cuadernosviajeros.com\/index.php?rest_route=%2Fwp%2Fv2%2Fcomments&post=2624"}],"version-history":[{"count":0,"href":"https:\/\/www.cuadernosviajeros.com\/index.php?rest_route=\/wp\/v2\/posts\/2624\/revisions"}],"wp:attachment":[{"href":"https:\/\/www.cuadernosviajeros.com\/index.php?rest_route=%2Fwp%2Fv2%2Fmedia&parent=2624"}],"wp:term":[{"taxonomy":"category","embeddable":true,"href":"https:\/\/www.cuadernosviajeros.com\/index.php?rest_route=%2Fwp%2Fv2%2Fcategories&post=2624"},{"taxonomy":"post_tag","embeddable":true,"href":"https:\/\/www.cuadernosviajeros.com\/index.php?rest_route=%2Fwp%2Fv2%2Ftags&post=2624"}],"curies":[{"name":"wp","href":"https:\/\/api.w.org\/{rel}","templated":true}]}}