{"id":2629,"date":"2017-03-01T10:23:39","date_gmt":"2017-03-01T09:23:39","guid":{"rendered":"http:\/\/www.cuadernosviajeros.com\/?p=2629"},"modified":"2017-03-01T10:23:39","modified_gmt":"2017-03-01T09:23:39","slug":"tetraclineo-encuentro-de-urban-sketchers","status":"publish","type":"post","link":"https:\/\/www.cuadernosviajeros.com\/?p=2629","title":{"rendered":"Tetracl\u00edneo. Encuentro de urban sketchers."},"content":{"rendered":"<p>Los colegas de Cartagena, Los Cuatrogatos, vuelven a la carga. Organizan una salida el domingo 12 de marzo para conocer la\u00a0Sierra Minera (Portm\u00e1n), el patrimonio de la zona (bater\u00eda de costa de La Chapa y calzada romana), el bosque m\u00e1s amenazado de Europa (de sabina mora o cipr\u00e9s cartagenero) y el proyecto Life <a href=\"https:\/\/www.facebook.com\/people\/Tetraclinis-Articulata-Cipr%C3%A9s-de-Cartagena\/100008576293390\">Tetraclinis<\/a> con el que anse, la upct y la ue lo protegen.\u00a0Una dibujada completa. Os esperamos.<\/p>\n<p>Es necesario inscribirse por correo electr\u00f3nico: cuatrogatosusk@gmail.com<\/p>\n<p>Domingo, 12 de marzo. A las 10:00 horas<\/p>\n<p>Lugar: Portman. Bateria de la Chapa. Caserio farola, 1. Aparcamiento Restaurante El Cubano.<\/p>\n<p><a href=\"http:\/\/www.cuadernosviajeros.com\/wp-content\/uploads\/2017\/03\/tetraclineo.jpg\"><img loading=\"lazy\" decoding=\"async\" class=\"aligncenter size-medium wp-image-2630\" src=\"http:\/\/www.cuadernosviajeros.com\/wp-content\/uploads\/2017\/03\/tetraclineo-212x300.jpg\" alt=\"\" width=\"212\" height=\"300\" srcset=\"https:\/\/www.cuadernosviajeros.com\/wp-content\/uploads\/2017\/03\/tetraclineo-212x300.jpg 212w, https:\/\/www.cuadernosviajeros.com\/wp-content\/uploads\/2017\/03\/tetraclineo.jpg 480w\" sizes=\"(max-width: 212px) 100vw, 212px\" \/><\/a><\/p>\n","protected":false},"excerpt":{"rendered":"<p>Los colegas de Cartagena, Los Cuatrogatos, vuelven a la carga. Organizan una salida el domingo 12 de marzo para conocer la\u00a0Sierra Minera (Portm\u00e1n), el patrimonio de la zona (bater\u00eda de costa de La Chapa y calzada romana), el bosque m\u00e1s &hellip; <a href=\"https:\/\/www.cuadernosviajeros.com\/?p=2629\">Continue reading <span class=\"meta-nav\">&rarr;<\/span><\/a><\/p>\n","protected":false},"author":2,"featured_media":0,"comment_status":"open","ping_status":"open","sticky":false,"template":"","format":"standard","meta":{"ngg_post_thumbnail":0,"footnotes":""},"categories":[11],"tags":[],"_links":{"self":[{"href":"https:\/\/www.cuadernosviajeros.com\/index.php?rest_route=\/wp\/v2\/posts\/2629"}],"collection":[{"href":"https:\/\/www.cuadernosviajeros.com\/index.php?rest_route=\/wp\/v2\/posts"}],"about":[{"href":"https:\/\/www.cuadernosviajeros.com\/index.php?rest_route=\/wp\/v2\/types\/post"}],"author":[{"embeddable":true,"href":"https:\/\/www.cuadernosviajeros.com\/index.php?rest_route=\/wp\/v2\/users\/2"}],"replies":[{"embeddable":true,"href":"https:\/\/www.cuadernosviajeros.com\/index.php?rest_route=%2Fwp%2Fv2%2Fcomments&post=2629"}],"version-history":[{"count":0,"href":"https:\/\/www.cuadernosviajeros.com\/index.php?rest_route=\/wp\/v2\/posts\/2629\/revisions"}],"wp:attachment":[{"href":"https:\/\/www.cuadernosviajeros.com\/index.php?rest_route=%2Fwp%2Fv2%2Fmedia&parent=2629"}],"wp:term":[{"taxonomy":"category","embeddable":true,"href":"https:\/\/www.cuadernosviajeros.com\/index.php?rest_route=%2Fwp%2Fv2%2Fcategories&post=2629"},{"taxonomy":"post_tag","embeddable":true,"href":"https:\/\/www.cuadernosviajeros.com\/index.php?rest_route=%2Fwp%2Fv2%2Ftags&post=2629"}],"curies":[{"name":"wp","href":"https:\/\/api.w.org\/{rel}","templated":true}]}}