{"id":2640,"date":"2017-03-13T09:20:27","date_gmt":"2017-03-13T08:20:27","guid":{"rendered":"http:\/\/www.cuadernosviajeros.com\/?p=2640"},"modified":"2017-03-13T09:31:03","modified_gmt":"2017-03-13T08:31:03","slug":"exposicion-de-mariano-albaladejo-en-el-merce-rodoreda","status":"publish","type":"post","link":"https:\/\/www.cuadernosviajeros.com\/?p=2640","title":{"rendered":"Exposici\u00f3n de Mariano Albaladejo en el Merc\u00e9 Rodoreda."},"content":{"rendered":"<p>13 de marzo. A las 18:15 horas. Centro Merc\u00e9 Rodoreda (C\/. Portes Tafulles, s\/n, Elche)<\/p>\n<p>Exposici\u00f3n de pintura del artista ilicitano <strong>Mariano Albaladejo<\/strong>.<\/p>\n<p>Esta tarde, y dentro de los actos y actividades programadas en la Semana Cultural del Centro de Adultos Merc\u00e9 Rodoreda, se inaugura a las 18:15 h. una exposici\u00f3n de pintura de nuestro colega Mariano Albaladejo.<\/p>\n<p><a href=\"http:\/\/www.cuadernosviajeros.com\/wp-content\/uploads\/2017\/03\/Captura-de-pantalla-2017-03-13-a-las-09.28.21.png\"><img loading=\"lazy\" decoding=\"async\" class=\"aligncenter size-medium wp-image-2641\" src=\"http:\/\/www.cuadernosviajeros.com\/wp-content\/uploads\/2017\/03\/Captura-de-pantalla-2017-03-13-a-las-09.28.21-276x300.png\" alt=\"\" width=\"276\" height=\"300\" srcset=\"https:\/\/www.cuadernosviajeros.com\/wp-content\/uploads\/2017\/03\/Captura-de-pantalla-2017-03-13-a-las-09.28.21-276x300.png 276w, https:\/\/www.cuadernosviajeros.com\/wp-content\/uploads\/2017\/03\/Captura-de-pantalla-2017-03-13-a-las-09.28.21.png 475w\" sizes=\"(max-width: 276px) 100vw, 276px\" \/><\/a><\/p>\n","protected":false},"excerpt":{"rendered":"<p>13 de marzo. A las 18:15 horas. Centro Merc\u00e9 Rodoreda (C\/. Portes Tafulles, s\/n, Elche) Exposici\u00f3n de pintura del artista ilicitano Mariano Albaladejo. Esta tarde, y dentro de los actos y actividades programadas en la Semana Cultural del Centro de &hellip; <a href=\"https:\/\/www.cuadernosviajeros.com\/?p=2640\">Continue reading <span class=\"meta-nav\">&rarr;<\/span><\/a><\/p>\n","protected":false},"author":2,"featured_media":0,"comment_status":"open","ping_status":"open","sticky":false,"template":"","format":"standard","meta":{"ngg_post_thumbnail":0,"footnotes":""},"categories":[12],"tags":[],"_links":{"self":[{"href":"https:\/\/www.cuadernosviajeros.com\/index.php?rest_route=\/wp\/v2\/posts\/2640"}],"collection":[{"href":"https:\/\/www.cuadernosviajeros.com\/index.php?rest_route=\/wp\/v2\/posts"}],"about":[{"href":"https:\/\/www.cuadernosviajeros.com\/index.php?rest_route=\/wp\/v2\/types\/post"}],"author":[{"embeddable":true,"href":"https:\/\/www.cuadernosviajeros.com\/index.php?rest_route=\/wp\/v2\/users\/2"}],"replies":[{"embeddable":true,"href":"https:\/\/www.cuadernosviajeros.com\/index.php?rest_route=%2Fwp%2Fv2%2Fcomments&post=2640"}],"version-history":[{"count":0,"href":"https:\/\/www.cuadernosviajeros.com\/index.php?rest_route=\/wp\/v2\/posts\/2640\/revisions"}],"wp:attachment":[{"href":"https:\/\/www.cuadernosviajeros.com\/index.php?rest_route=%2Fwp%2Fv2%2Fmedia&parent=2640"}],"wp:term":[{"taxonomy":"category","embeddable":true,"href":"https:\/\/www.cuadernosviajeros.com\/index.php?rest_route=%2Fwp%2Fv2%2Fcategories&post=2640"},{"taxonomy":"post_tag","embeddable":true,"href":"https:\/\/www.cuadernosviajeros.com\/index.php?rest_route=%2Fwp%2Fv2%2Ftags&post=2640"}],"curies":[{"name":"wp","href":"https:\/\/api.w.org\/{rel}","templated":true}]}}