{"id":2649,"date":"2017-03-14T12:15:14","date_gmt":"2017-03-14T11:15:14","guid":{"rendered":"http:\/\/www.cuadernosviajeros.com\/?p=2649"},"modified":"2017-03-14T12:42:37","modified_gmt":"2017-03-14T11:42:37","slug":"programa-de-actividades-previstas-de-cuadernos-viajeros","status":"publish","type":"post","link":"https:\/\/www.cuadernosviajeros.com\/?p=2649","title":{"rendered":"Programa de actividades previstas de Cuadernos Viajeros."},"content":{"rendered":"<p>Marzo: s\u00e1bado, 18. Jard\u00edn del antiguo Cuartel de la Guardia Civil. Elche.<\/p>\n<p><a href=\"http:\/\/www.cuadernosviajeros.com\/wp-content\/uploads\/2017\/03\/Captura-2-1.jpg\"><img loading=\"lazy\" decoding=\"async\" class=\"aligncenter size-medium wp-image-2650\" src=\"http:\/\/www.cuadernosviajeros.com\/wp-content\/uploads\/2017\/03\/Captura-2-1-300x197.jpg\" alt=\"\" width=\"300\" height=\"197\" srcset=\"https:\/\/www.cuadernosviajeros.com\/wp-content\/uploads\/2017\/03\/Captura-2-1-300x197.jpg 300w, https:\/\/www.cuadernosviajeros.com\/wp-content\/uploads\/2017\/03\/Captura-2-1.jpg 645w\" sizes=\"(max-width: 300px) 100vw, 300px\" \/><\/a><\/p>\n<p>Marzo: s\u00e1bado, 25. Rio Ch\u00e9camo. Macisvenda-Abanilla (Murcia). Salida conjunta con El Dibujo Elocuente, grupo de Juan Espallardo.<\/p>\n<p><a href=\"http:\/\/www.cuadernosviajeros.com\/wp-content\/uploads\/2017\/03\/checamo.gif\"><img loading=\"lazy\" decoding=\"async\" class=\"aligncenter size-medium wp-image-2651\" src=\"http:\/\/www.cuadernosviajeros.com\/wp-content\/uploads\/2017\/03\/checamo-300x240.gif\" alt=\"\" width=\"300\" height=\"240\" \/><\/a><\/p>\n<p>Marzo: domingo, 26. Mercado Central Elche. Encuentro de dibujantes y pintores. Convoca la Plataforma Salvem el Mercat.<\/p>\n<p><a href=\"http:\/\/www.cuadernosviajeros.com\/wp-content\/uploads\/2017\/03\/17191384_880407252099561_3109491678932008824_n.jpg\"><img loading=\"lazy\" decoding=\"async\" class=\"aligncenter size-medium wp-image-2652\" src=\"http:\/\/www.cuadernosviajeros.com\/wp-content\/uploads\/2017\/03\/17191384_880407252099561_3109491678932008824_n-207x300.jpg\" alt=\"\" width=\"207\" height=\"300\" srcset=\"https:\/\/www.cuadernosviajeros.com\/wp-content\/uploads\/2017\/03\/17191384_880407252099561_3109491678932008824_n-207x300.jpg 207w, https:\/\/www.cuadernosviajeros.com\/wp-content\/uploads\/2017\/03\/17191384_880407252099561_3109491678932008824_n.jpg 663w\" sizes=\"(max-width: 207px) 100vw, 207px\" \/><\/a><\/p>\n<p>Marzo, viernes, 31; Abril, s\u00e1bado 1 y domingo 2. Murales de San Isidro. Orihuela<\/p>\n<p><a href=\"http:\/\/www.cuadernosviajeros.com\/wp-content\/uploads\/2017\/03\/MG_2134.jpg\"><img loading=\"lazy\" decoding=\"async\" class=\"aligncenter size-medium wp-image-2653\" src=\"http:\/\/www.cuadernosviajeros.com\/wp-content\/uploads\/2017\/03\/MG_2134-300x200.jpg\" alt=\"\" width=\"300\" height=\"200\" srcset=\"https:\/\/www.cuadernosviajeros.com\/wp-content\/uploads\/2017\/03\/MG_2134-300x200.jpg 300w, https:\/\/www.cuadernosviajeros.com\/wp-content\/uploads\/2017\/03\/MG_2134-768x512.jpg 768w, https:\/\/www.cuadernosviajeros.com\/wp-content\/uploads\/2017\/03\/MG_2134-1024x683.jpg 1024w, https:\/\/www.cuadernosviajeros.com\/wp-content\/uploads\/2017\/03\/MG_2134.jpg 1200w\" sizes=\"(max-width: 300px) 100vw, 300px\" \/><\/a><\/p>\n<p>Abril: s\u00e1bado, 29. Concentraci\u00f3n nacional de 2CV. Elche<\/p>\n<p><a href=\"http:\/\/www.cuadernosviajeros.com\/wp-content\/uploads\/2017\/03\/concentracion-2cv.jpg\"><img loading=\"lazy\" decoding=\"async\" class=\"aligncenter size-medium wp-image-2654\" src=\"http:\/\/www.cuadernosviajeros.com\/wp-content\/uploads\/2017\/03\/concentracion-2cv-300x169.jpg\" alt=\"\" width=\"300\" height=\"169\" srcset=\"https:\/\/www.cuadernosviajeros.com\/wp-content\/uploads\/2017\/03\/concentracion-2cv-300x169.jpg 300w, https:\/\/www.cuadernosviajeros.com\/wp-content\/uploads\/2017\/03\/concentracion-2cv.jpg 678w\" sizes=\"(max-width: 300px) 100vw, 300px\" \/><\/a><\/p>\n<p>Abril: domingo, 30. Urban Sketchers. Alhama de Murcia<\/p>\n<p><a href=\"http:\/\/www.cuadernosviajeros.com\/wp-content\/uploads\/2017\/03\/Captura-de-pantalla-2017-03-14-a-las-12.36.13.png\"><img loading=\"lazy\" decoding=\"async\" class=\"aligncenter size-medium wp-image-2659\" src=\"http:\/\/www.cuadernosviajeros.com\/wp-content\/uploads\/2017\/03\/Captura-de-pantalla-2017-03-14-a-las-12.36.13-300x243.png\" alt=\"\" width=\"300\" height=\"243\" srcset=\"https:\/\/www.cuadernosviajeros.com\/wp-content\/uploads\/2017\/03\/Captura-de-pantalla-2017-03-14-a-las-12.36.13-300x243.png 300w, https:\/\/www.cuadernosviajeros.com\/wp-content\/uploads\/2017\/03\/Captura-de-pantalla-2017-03-14-a-las-12.36.13-768x622.png 768w, https:\/\/www.cuadernosviajeros.com\/wp-content\/uploads\/2017\/03\/Captura-de-pantalla-2017-03-14-a-las-12.36.13.png 862w\" sizes=\"(max-width: 300px) 100vw, 300px\" \/><\/a><\/p>\n<p>Mayo: viernes 5, s\u00e1bado 6 y domingo 7: III Encuentro dibujantes urbanos en Elche. \u00abDibujando entre Palmeras.<\/p>\n<p><a href=\"http:\/\/www.cuadernosviajeros.com\/wp-content\/uploads\/2017\/03\/elche_16.jpg\"><img loading=\"lazy\" decoding=\"async\" class=\"aligncenter size-medium wp-image-2656\" src=\"http:\/\/www.cuadernosviajeros.com\/wp-content\/uploads\/2017\/03\/elche_16-300x200.jpg\" alt=\"\" width=\"300\" height=\"200\" \/><\/a><\/p>\n<p>&nbsp;<\/p>\n","protected":false},"excerpt":{"rendered":"<p>Marzo: s\u00e1bado, 18. Jard\u00edn del antiguo Cuartel de la Guardia Civil. Elche. Marzo: s\u00e1bado, 25. Rio Ch\u00e9camo. Macisvenda-Abanilla (Murcia). Salida conjunta con El Dibujo Elocuente, grupo de Juan Espallardo. Marzo: domingo, 26. Mercado Central Elche. Encuentro de dibujantes y pintores. &hellip; <a href=\"https:\/\/www.cuadernosviajeros.com\/?p=2649\">Continue reading <span class=\"meta-nav\">&rarr;<\/span><\/a><\/p>\n","protected":false},"author":2,"featured_media":0,"comment_status":"open","ping_status":"open","sticky":false,"template":"","format":"standard","meta":{"ngg_post_thumbnail":0,"footnotes":""},"categories":[6],"tags":[],"_links":{"self":[{"href":"https:\/\/www.cuadernosviajeros.com\/index.php?rest_route=\/wp\/v2\/posts\/2649"}],"collection":[{"href":"https:\/\/www.cuadernosviajeros.com\/index.php?rest_route=\/wp\/v2\/posts"}],"about":[{"href":"https:\/\/www.cuadernosviajeros.com\/index.php?rest_route=\/wp\/v2\/types\/post"}],"author":[{"embeddable":true,"href":"https:\/\/www.cuadernosviajeros.com\/index.php?rest_route=\/wp\/v2\/users\/2"}],"replies":[{"embeddable":true,"href":"https:\/\/www.cuadernosviajeros.com\/index.php?rest_route=%2Fwp%2Fv2%2Fcomments&post=2649"}],"version-history":[{"count":0,"href":"https:\/\/www.cuadernosviajeros.com\/index.php?rest_route=\/wp\/v2\/posts\/2649\/revisions"}],"wp:attachment":[{"href":"https:\/\/www.cuadernosviajeros.com\/index.php?rest_route=%2Fwp%2Fv2%2Fmedia&parent=2649"}],"wp:term":[{"taxonomy":"category","embeddable":true,"href":"https:\/\/www.cuadernosviajeros.com\/index.php?rest_route=%2Fwp%2Fv2%2Fcategories&post=2649"},{"taxonomy":"post_tag","embeddable":true,"href":"https:\/\/www.cuadernosviajeros.com\/index.php?rest_route=%2Fwp%2Fv2%2Ftags&post=2649"}],"curies":[{"name":"wp","href":"https:\/\/api.w.org\/{rel}","templated":true}]}}