{"id":2665,"date":"2017-03-21T11:42:32","date_gmt":"2017-03-21T10:42:32","guid":{"rendered":"http:\/\/www.cuadernosviajeros.com\/?p=2665"},"modified":"2017-03-21T13:18:06","modified_gmt":"2017-03-21T12:18:06","slug":"proximo-lugar-de-encuentro-218","status":"publish","type":"post","link":"https:\/\/www.cuadernosviajeros.com\/?p=2665","title":{"rendered":"Pr\u00f3ximo lugar de encuentro."},"content":{"rendered":"<p>El s\u00e1bado 25 de marzo vamos a dibujar en el r\u00edo Ch\u00e9camo (o Ch\u00edcamo, o Chicano, as\u00ed lo podemos encontrar tambi\u00e9n escrito en diversas fuentes). Saldremos a las 09:00 h desde el parking junto al Cementerio Viejo, frente al\u2019Aljub, como es habitual.\u00a0Pasaremos all\u00ed el d\u00eda, regresando a Elche al atardecer. As\u00ed que llevad bocadillos, bebida, etc. y no olvidad la silla, ni el sombrero o el tabardo, seg\u00fan se presente el tiempo.<\/p>\n<p>Resulta algo complicado llegar al lugar para los que lo desconocen. Saldremos todos juntos hacia Hond\u00f3n de los Frailes, donde a la entrada del pueblo, en la puerta de Muebles Lozano, nos reagruparemos, para seguir en direcci\u00f3n Murcia y tomar la carretera que lleva a Abanilla, en la que tomaremos el desv\u00edo a La Umbr\u00eda, donde dejaremos los coches. En ese punto nos encontraremos con los amigos de El Dibujo Elocuente.<\/p>\n<p>Dibujaremos aguas abajo del r\u00edo, farallones erosionados por el viento y la lluvia, las casas-cueva, las especiales palmeras que encontraremos\u2026 (Abanilla es el tercer palmeral europeo despu\u00e9s de Elche y Orihuela).\u00a0Aguas arriba se encuentra la Garganta del Cagel o de la Cerrada, de no m\u00e1s de dos metros de anchura y unos cuarenta de altura, que para pasarla, inevitablemente hay que pisar por el agua, para lo cual hay que proveerse de calzado adecuado, pues el nivel puede llegar a las rodillas. Si alguien quiere aventurarse, adem\u00e1s de ir preparado, debe procurar pisar lo imprescindible dentro del cauce para evitar da\u00f1os en un ecosistema fr\u00e1gil.<\/p>\n<p>El r\u00edo Ch\u00e9camo nace cerca de Macisvenda, al NE de Abanilla y compone un paraje de gran inter\u00e9s geol\u00f3gico, bot\u00e1nico y faun\u00edstico, que est\u00e1 bajo protecci\u00f3n ambiental. Cerca del nacimiento secciona conglomerados continentales de un delta que existi\u00f3 all\u00ed hace unos diez millones de a\u00f1os, encajon\u00e1ndose en la Gargante del Cagel, despu\u00e9s de la cual forma un cauce abierto t\u00edpico de rambla, que funciona como colector central de las numerosas ramblas de su cuenca. Su morfolog\u00eda est\u00e1 ligada al car\u00e1cter torrencial de las precipitaciones y la fuerte erosi\u00f3n ha formado espectaculares c\u00e1rcavas y barrancos que configuran un paisaje t\u00edpico de badlands.<\/p>\n<p>Junto a los adelfares, pastizales, sauces, tarayales, veremos <strong>palmeras de rambla<\/strong>, (<em>Phoenix ib\u00e9rica<\/em>) especie end\u00e9mica casi extinguida y restringida a ramblas y r\u00edos salinos del sureste peninsular, siendo \u00e9ste uno de sus principales focos de poblaci\u00f3n.<\/p>\n<p>De su fauna, hay que destacar el <strong>fartet<\/strong>, <em>Aphanius Iberus,<\/em>\u00a0pez ciprinodontiforme,\u00a0de car\u00e1cter end\u00e9mico, que est\u00e1 catalogado como especie amenazada, en gran peligro de extinci\u00f3n.\u00a0\u00a1\u00c1nimo! Nos espera un gran d\u00eda.<\/p>\n<p><a href=\"http:\/\/www.cuadernosviajeros.com\/wp-content\/uploads\/2017\/03\/checamo-1.gif\"><img loading=\"lazy\" decoding=\"async\" class=\"aligncenter size-medium wp-image-2666\" src=\"http:\/\/www.cuadernosviajeros.com\/wp-content\/uploads\/2017\/03\/checamo-1-300x240.gif\" alt=\"\" width=\"300\" height=\"240\" \/><\/a><\/p>\n","protected":false},"excerpt":{"rendered":"<p>El s\u00e1bado 25 de marzo vamos a dibujar en el r\u00edo Ch\u00e9camo (o Ch\u00edcamo, o Chicano, as\u00ed lo podemos encontrar tambi\u00e9n escrito en diversas fuentes). Saldremos a las 09:00 h desde el parking junto al Cementerio Viejo, frente al\u2019Aljub, como &hellip; <a href=\"https:\/\/www.cuadernosviajeros.com\/?p=2665\">Continue reading <span class=\"meta-nav\">&rarr;<\/span><\/a><\/p>\n","protected":false},"author":2,"featured_media":0,"comment_status":"open","ping_status":"open","sticky":false,"template":"","format":"standard","meta":{"ngg_post_thumbnail":0,"footnotes":""},"categories":[6],"tags":[],"_links":{"self":[{"href":"https:\/\/www.cuadernosviajeros.com\/index.php?rest_route=\/wp\/v2\/posts\/2665"}],"collection":[{"href":"https:\/\/www.cuadernosviajeros.com\/index.php?rest_route=\/wp\/v2\/posts"}],"about":[{"href":"https:\/\/www.cuadernosviajeros.com\/index.php?rest_route=\/wp\/v2\/types\/post"}],"author":[{"embeddable":true,"href":"https:\/\/www.cuadernosviajeros.com\/index.php?rest_route=\/wp\/v2\/users\/2"}],"replies":[{"embeddable":true,"href":"https:\/\/www.cuadernosviajeros.com\/index.php?rest_route=%2Fwp%2Fv2%2Fcomments&post=2665"}],"version-history":[{"count":0,"href":"https:\/\/www.cuadernosviajeros.com\/index.php?rest_route=\/wp\/v2\/posts\/2665\/revisions"}],"wp:attachment":[{"href":"https:\/\/www.cuadernosviajeros.com\/index.php?rest_route=%2Fwp%2Fv2%2Fmedia&parent=2665"}],"wp:term":[{"taxonomy":"category","embeddable":true,"href":"https:\/\/www.cuadernosviajeros.com\/index.php?rest_route=%2Fwp%2Fv2%2Fcategories&post=2665"},{"taxonomy":"post_tag","embeddable":true,"href":"https:\/\/www.cuadernosviajeros.com\/index.php?rest_route=%2Fwp%2Fv2%2Ftags&post=2665"}],"curies":[{"name":"wp","href":"https:\/\/api.w.org\/{rel}","templated":true}]}}