{"id":2667,"date":"2017-03-22T09:28:32","date_gmt":"2017-03-22T08:28:32","guid":{"rendered":"http:\/\/www.cuadernosviajeros.com\/?p=2667"},"modified":"2017-03-22T09:28:32","modified_gmt":"2017-03-22T08:28:32","slug":"recordatorio-de-actividades-de-esta-semana-20-26-de-marzo","status":"publish","type":"post","link":"https:\/\/www.cuadernosviajeros.com\/?p=2667","title":{"rendered":"Recordatorio de actividades de esta semana. 20-26 de marzo."},"content":{"rendered":"<p>Viernes 24: 20:00 h. Sala Orden Tercera (Plaza Reyes Cat\u00f3licos, s\/n. Elche)<\/p>\n<p>\u00abNanas de la cebolla a Miguel Hern\u00e1ndez\u00bb. Pinturas de Juan Llorens y Alba Granados<\/p>\n<p><a href=\"http:\/\/www.cuadernosviajeros.com\/wp-content\/uploads\/2017\/03\/Cartel-JuanAlba-1.jpg\"><img loading=\"lazy\" decoding=\"async\" class=\"aligncenter size-medium wp-image-2668\" src=\"http:\/\/www.cuadernosviajeros.com\/wp-content\/uploads\/2017\/03\/Cartel-JuanAlba-1-212x300.jpg\" alt=\"\" width=\"212\" height=\"300\" srcset=\"https:\/\/www.cuadernosviajeros.com\/wp-content\/uploads\/2017\/03\/Cartel-JuanAlba-1-212x300.jpg 212w, https:\/\/www.cuadernosviajeros.com\/wp-content\/uploads\/2017\/03\/Cartel-JuanAlba-1-768x1086.jpg 768w, https:\/\/www.cuadernosviajeros.com\/wp-content\/uploads\/2017\/03\/Cartel-JuanAlba-1-724x1024.jpg 724w, https:\/\/www.cuadernosviajeros.com\/wp-content\/uploads\/2017\/03\/Cartel-JuanAlba-1.jpg 1535w\" sizes=\"(max-width: 212px) 100vw, 212px\" \/><\/a><\/p>\n<p>S\u00e1bado 25: Salida al r\u00edo Ch\u00e9camo. A las 09:00 h desde parking junto a Cementerio Viejo.<\/p>\n<p><a href=\"http:\/\/www.cuadernosviajeros.com\/wp-content\/uploads\/2017\/03\/22-A-TRAVES-DEL-RIO.jpg\"><img loading=\"lazy\" decoding=\"async\" class=\"aligncenter size-medium wp-image-2669\" src=\"http:\/\/www.cuadernosviajeros.com\/wp-content\/uploads\/2017\/03\/22-A-TRAVES-DEL-RIO-300x225.jpg\" alt=\"\" width=\"300\" height=\"225\" srcset=\"https:\/\/www.cuadernosviajeros.com\/wp-content\/uploads\/2017\/03\/22-A-TRAVES-DEL-RIO-300x225.jpg 300w, https:\/\/www.cuadernosviajeros.com\/wp-content\/uploads\/2017\/03\/22-A-TRAVES-DEL-RIO-768x576.jpg 768w, https:\/\/www.cuadernosviajeros.com\/wp-content\/uploads\/2017\/03\/22-A-TRAVES-DEL-RIO.jpg 800w\" sizes=\"(max-width: 300px) 100vw, 300px\" \/><\/a><\/p>\n<p>Domingo 26: \u00abSalvem el Mercat. Salvem el Patrimoni\u00bb. 10:30 h. Quedada de dibujantes y pintores en la Plaza de las Flores.<\/p>\n<p><a href=\"http:\/\/www.cuadernosviajeros.com\/wp-content\/uploads\/2017\/03\/17191384_880407252099561_3109491678932008824_n-1.jpg\"><img loading=\"lazy\" decoding=\"async\" class=\"aligncenter size-medium wp-image-2670\" src=\"http:\/\/www.cuadernosviajeros.com\/wp-content\/uploads\/2017\/03\/17191384_880407252099561_3109491678932008824_n-1-207x300.jpg\" alt=\"\" width=\"207\" height=\"300\" srcset=\"https:\/\/www.cuadernosviajeros.com\/wp-content\/uploads\/2017\/03\/17191384_880407252099561_3109491678932008824_n-1-207x300.jpg 207w, https:\/\/www.cuadernosviajeros.com\/wp-content\/uploads\/2017\/03\/17191384_880407252099561_3109491678932008824_n-1.jpg 663w\" sizes=\"(max-width: 207px) 100vw, 207px\" \/><\/a><\/p>\n","protected":false},"excerpt":{"rendered":"<p>Viernes 24: 20:00 h. Sala Orden Tercera (Plaza Reyes Cat\u00f3licos, s\/n. Elche) \u00abNanas de la cebolla a Miguel Hern\u00e1ndez\u00bb. Pinturas de Juan Llorens y Alba Granados S\u00e1bado 25: Salida al r\u00edo Ch\u00e9camo. A las 09:00 h desde parking junto a &hellip; <a href=\"https:\/\/www.cuadernosviajeros.com\/?p=2667\">Continue reading <span class=\"meta-nav\">&rarr;<\/span><\/a><\/p>\n","protected":false},"author":2,"featured_media":0,"comment_status":"open","ping_status":"open","sticky":false,"template":"","format":"standard","meta":{"ngg_post_thumbnail":0,"footnotes":""},"categories":[6],"tags":[],"_links":{"self":[{"href":"https:\/\/www.cuadernosviajeros.com\/index.php?rest_route=\/wp\/v2\/posts\/2667"}],"collection":[{"href":"https:\/\/www.cuadernosviajeros.com\/index.php?rest_route=\/wp\/v2\/posts"}],"about":[{"href":"https:\/\/www.cuadernosviajeros.com\/index.php?rest_route=\/wp\/v2\/types\/post"}],"author":[{"embeddable":true,"href":"https:\/\/www.cuadernosviajeros.com\/index.php?rest_route=\/wp\/v2\/users\/2"}],"replies":[{"embeddable":true,"href":"https:\/\/www.cuadernosviajeros.com\/index.php?rest_route=%2Fwp%2Fv2%2Fcomments&post=2667"}],"version-history":[{"count":0,"href":"https:\/\/www.cuadernosviajeros.com\/index.php?rest_route=\/wp\/v2\/posts\/2667\/revisions"}],"wp:attachment":[{"href":"https:\/\/www.cuadernosviajeros.com\/index.php?rest_route=%2Fwp%2Fv2%2Fmedia&parent=2667"}],"wp:term":[{"taxonomy":"category","embeddable":true,"href":"https:\/\/www.cuadernosviajeros.com\/index.php?rest_route=%2Fwp%2Fv2%2Fcategories&post=2667"},{"taxonomy":"post_tag","embeddable":true,"href":"https:\/\/www.cuadernosviajeros.com\/index.php?rest_route=%2Fwp%2Fv2%2Ftags&post=2667"}],"curies":[{"name":"wp","href":"https:\/\/api.w.org\/{rel}","templated":true}]}}