{"id":2677,"date":"2017-03-23T09:32:01","date_gmt":"2017-03-23T08:32:01","guid":{"rendered":"http:\/\/www.cuadernosviajeros.com\/?p=2677"},"modified":"2017-03-23T22:07:02","modified_gmt":"2017-03-23T21:07:02","slug":"abierta-la-inscripcion-para-la-tercera-edicion-de-dibujando-entre-palmeras","status":"publish","type":"post","link":"https:\/\/www.cuadernosviajeros.com\/?p=2677","title":{"rendered":"Abierta la inscripci\u00f3n para la tercera edici\u00f3n de \u00abDibujando entre Palmeras\u00bb."},"content":{"rendered":"<p>Ya se puede realizar la <strong>inscripci\u00f3n<\/strong>, totalmente GRATUITA, para participar en el 3\u00ba Encuentro de dibujantes urbanos en Elche, <strong>\u00abDibujando entre Palmeras\u00bb<\/strong>, que se celebrar\u00e1 entre el 5 y el 7 de mayo, 2017. Para ello se ha habilitado en nuestra web <strong>www.cuadernosviajeros.com<\/strong> la imagen que es cartel, portada y ense\u00f1a de esta edici\u00f3n del evento, y al pinchar sobre ella, como en las ocasiones anteriores, nos conduce a la p\u00e1gina espec\u00edfica del Encuentro, donde se puede obtener toda la informaci\u00f3n sobre el mismo y realizar la inscripci\u00f3n.<\/p>\n<p><a href=\"http:\/\/www.cuadernosviajeros.com\/wp-content\/uploads\/2017\/03\/ENTRE-PALMERAS-COLOR-13x18.jpg\"><img loading=\"lazy\" decoding=\"async\" class=\"aligncenter size-medium wp-image-2678\" src=\"http:\/\/www.cuadernosviajeros.com\/wp-content\/uploads\/2017\/03\/ENTRE-PALMERAS-COLOR-13x18-212x300.jpg\" alt=\"\" width=\"212\" height=\"300\" srcset=\"https:\/\/www.cuadernosviajeros.com\/wp-content\/uploads\/2017\/03\/ENTRE-PALMERAS-COLOR-13x18-212x300.jpg 212w, https:\/\/www.cuadernosviajeros.com\/wp-content\/uploads\/2017\/03\/ENTRE-PALMERAS-COLOR-13x18.jpg 424w\" sizes=\"(max-width: 212px) 100vw, 212px\" \/><\/a><\/p>\n<p>La imagen es obra de nuestro amigo <strong>Juan Espallardo<\/strong>\u00a0(Torre Anita, Molina de Segura, Murcia, 1951). Pintor e ilustrador, se introdujo en el mundo de la ilustraci\u00f3n de la mano de Jordi Franch y Demetrio S\u00e1nchez, pasando a colaborar con revistas de Inglaterra, Francia, Holanda,\u00a0Italia\u2026 con historietas y portadas de \u201cTarz\u00e1n\u201d y \u201cKorak, el hijo de Tarz\u00e1n\u201d, publicadas en todo el mundo, y \u201cTumac\u201d. Escribe tambi\u00e9n sus propios guiones de personajes como \u201cEl tremendo Tobi\u201d, \u201cSickles y Toth\u201d, \u201cLa quinta perla\u201d.<\/p>\n<p>Colabora habitualmente con diversas instituciones y museos, como el de Bellas Artes y Arqueol\u00f3gico de Murcia, organizando exposiciones y cursos sobre el lenguaje de los tebeos, la pintura china, la figura humana al natural o el cuaderno de viaje. Con el lema \u201cEl Dibujo Elocuente\u201d, viene publicando una colecci\u00f3n de libros, que ya sobrepasa la treintena, con la que va abarcando el estudio del dibujo y sus t\u00e9cnicas desde todos sus aspectos: anatom\u00eda, est\u00e9tica, iluminaci\u00f3n, perspectiva, composici\u00f3n, arte secuencial, historia del arte&#8230;\u00a0Adem\u00e1s, capitanea un grupo de dibujantes urbanos que sale en s\u00e1bados alternos a tomar apuntes del natural, con el que solemos organizar quedadas conjuntas. Todo un lujazo la compa\u00f1\u00eda.<\/p>\n<p>www.juanespallardo.com<\/p>\n<p>&nbsp;<\/p>\n","protected":false},"excerpt":{"rendered":"<p>Ya se puede realizar la inscripci\u00f3n, totalmente GRATUITA, para participar en el 3\u00ba Encuentro de dibujantes urbanos en Elche, \u00abDibujando entre Palmeras\u00bb, que se celebrar\u00e1 entre el 5 y el 7 de mayo, 2017. Para ello se ha habilitado en &hellip; <a href=\"https:\/\/www.cuadernosviajeros.com\/?p=2677\">Continue reading <span class=\"meta-nav\">&rarr;<\/span><\/a><\/p>\n","protected":false},"author":2,"featured_media":0,"comment_status":"open","ping_status":"open","sticky":false,"template":"","format":"standard","meta":{"ngg_post_thumbnail":0,"footnotes":""},"categories":[40],"tags":[],"_links":{"self":[{"href":"https:\/\/www.cuadernosviajeros.com\/index.php?rest_route=\/wp\/v2\/posts\/2677"}],"collection":[{"href":"https:\/\/www.cuadernosviajeros.com\/index.php?rest_route=\/wp\/v2\/posts"}],"about":[{"href":"https:\/\/www.cuadernosviajeros.com\/index.php?rest_route=\/wp\/v2\/types\/post"}],"author":[{"embeddable":true,"href":"https:\/\/www.cuadernosviajeros.com\/index.php?rest_route=\/wp\/v2\/users\/2"}],"replies":[{"embeddable":true,"href":"https:\/\/www.cuadernosviajeros.com\/index.php?rest_route=%2Fwp%2Fv2%2Fcomments&post=2677"}],"version-history":[{"count":0,"href":"https:\/\/www.cuadernosviajeros.com\/index.php?rest_route=\/wp\/v2\/posts\/2677\/revisions"}],"wp:attachment":[{"href":"https:\/\/www.cuadernosviajeros.com\/index.php?rest_route=%2Fwp%2Fv2%2Fmedia&parent=2677"}],"wp:term":[{"taxonomy":"category","embeddable":true,"href":"https:\/\/www.cuadernosviajeros.com\/index.php?rest_route=%2Fwp%2Fv2%2Fcategories&post=2677"},{"taxonomy":"post_tag","embeddable":true,"href":"https:\/\/www.cuadernosviajeros.com\/index.php?rest_route=%2Fwp%2Fv2%2Ftags&post=2677"}],"curies":[{"name":"wp","href":"https:\/\/api.w.org\/{rel}","templated":true}]}}