{"id":2693,"date":"2017-03-30T13:20:05","date_gmt":"2017-03-30T11:20:05","guid":{"rendered":"http:\/\/www.cuadernosviajeros.com\/?p=2693"},"modified":"2017-03-30T13:20:05","modified_gmt":"2017-03-30T11:20:05","slug":"programa-de-los-murales-de-san-isidro-orihuela","status":"publish","type":"post","link":"https:\/\/www.cuadernosviajeros.com\/?p=2693","title":{"rendered":"Programa de los murales de San Isidro. Orihuela."},"content":{"rendered":"<p>En el siguiente enlace pod\u00e9is consultar el programa previsto para el desarrollo de los VI Murales de San Isidro 2017, de Orihuela, dedicados esta edici\u00f3n a la conmemoraci\u00f3n del 75 aniversario de la muerte del poeta Miguel Hern\u00e1ndez.<\/p>\n<p><a href=\"http:\/\/www.orihuela.es\/wp-content\/uploads\/2017\/03\/prog_murales_san_isidro2017.pdf\" target=\"_blank\">http:\/\/www.orihuela.es\/wp-content\/uploads\/2017\/03\/prog_murales_san_isidro2017.pdf<\/a><\/p>\n","protected":false},"excerpt":{"rendered":"<p>En el siguiente enlace pod\u00e9is consultar el programa previsto para el desarrollo de los VI Murales de San Isidro 2017, de Orihuela, dedicados esta edici\u00f3n a la conmemoraci\u00f3n del 75 aniversario de la muerte del poeta Miguel Hern\u00e1ndez. http:\/\/www.orihuela.es\/wp-content\/uploads\/2017\/03\/prog_murales_san_isidro2017.pdf<\/p>\n","protected":false},"author":2,"featured_media":0,"comment_status":"open","ping_status":"open","sticky":false,"template":"","format":"standard","meta":{"ngg_post_thumbnail":0,"footnotes":""},"categories":[25],"tags":[],"_links":{"self":[{"href":"https:\/\/www.cuadernosviajeros.com\/index.php?rest_route=\/wp\/v2\/posts\/2693"}],"collection":[{"href":"https:\/\/www.cuadernosviajeros.com\/index.php?rest_route=\/wp\/v2\/posts"}],"about":[{"href":"https:\/\/www.cuadernosviajeros.com\/index.php?rest_route=\/wp\/v2\/types\/post"}],"author":[{"embeddable":true,"href":"https:\/\/www.cuadernosviajeros.com\/index.php?rest_route=\/wp\/v2\/users\/2"}],"replies":[{"embeddable":true,"href":"https:\/\/www.cuadernosviajeros.com\/index.php?rest_route=%2Fwp%2Fv2%2Fcomments&post=2693"}],"version-history":[{"count":0,"href":"https:\/\/www.cuadernosviajeros.com\/index.php?rest_route=\/wp\/v2\/posts\/2693\/revisions"}],"wp:attachment":[{"href":"https:\/\/www.cuadernosviajeros.com\/index.php?rest_route=%2Fwp%2Fv2%2Fmedia&parent=2693"}],"wp:term":[{"taxonomy":"category","embeddable":true,"href":"https:\/\/www.cuadernosviajeros.com\/index.php?rest_route=%2Fwp%2Fv2%2Fcategories&post=2693"},{"taxonomy":"post_tag","embeddable":true,"href":"https:\/\/www.cuadernosviajeros.com\/index.php?rest_route=%2Fwp%2Fv2%2Ftags&post=2693"}],"curies":[{"name":"wp","href":"https:\/\/api.w.org\/{rel}","templated":true}]}}