{"id":2698,"date":"2017-04-03T17:26:57","date_gmt":"2017-04-03T15:26:57","guid":{"rendered":"http:\/\/www.cuadernosviajeros.com\/?p=2698"},"modified":"2017-04-03T17:26:57","modified_gmt":"2017-04-03T15:26:57","slug":"proximo-lugar-de-encuentro-220","status":"publish","type":"post","link":"https:\/\/www.cuadernosviajeros.com\/?p=2698","title":{"rendered":"Pr\u00f3ximo lugar de encuentro."},"content":{"rendered":"<p>El s\u00e1bado, 8 de abril, estaremos en la Pla\u00e7a i Baix, o Plaza Mayor, en la tradicional cita con el mercado de la palma blanca. A las 10:00 horas.\u00a0<a href=\"http:\/\/www.cuadernosviajeros.com\/wp-content\/uploads\/2017\/04\/CAN\u00c7O-33.jpg\"><img loading=\"lazy\" decoding=\"async\" class=\"aligncenter size-medium wp-image-2700\" src=\"http:\/\/www.cuadernosviajeros.com\/wp-content\/uploads\/2017\/04\/CAN\u00c7O-33-203x300.jpg\" alt=\"\" width=\"203\" height=\"300\" srcset=\"https:\/\/www.cuadernosviajeros.com\/wp-content\/uploads\/2017\/04\/CAN\u00c7O-33-203x300.jpg 203w, https:\/\/www.cuadernosviajeros.com\/wp-content\/uploads\/2017\/04\/CAN\u00c7O-33-768x1134.jpg 768w, https:\/\/www.cuadernosviajeros.com\/wp-content\/uploads\/2017\/04\/CAN\u00c7O-33-693x1024.jpg 693w, https:\/\/www.cuadernosviajeros.com\/wp-content\/uploads\/2017\/04\/CAN\u00c7O-33.jpg 1172w\" sizes=\"(max-width: 203px) 100vw, 203px\" \/><\/a><a href=\"http:\/\/www.cuadernosviajeros.com\/wp-content\/uploads\/2017\/04\/CAN\u00c7O-33.tiff\"><img loading=\"lazy\" decoding=\"async\" class=\"aligncenter size-medium wp-image-2699\" src=\"http:\/\/www.cuadernosviajeros.com\/wp-content\/uploads\/2017\/04\/CAN\u00c7O-33.tiff\" alt=\"\" width=\"1\" height=\"1\" \/><\/a><\/p>\n","protected":false},"excerpt":{"rendered":"<p>El s\u00e1bado, 8 de abril, estaremos en la Pla\u00e7a i Baix, o Plaza Mayor, en la tradicional cita con el mercado de la palma blanca. A las 10:00 horas.\u00a0<\/p>\n","protected":false},"author":2,"featured_media":0,"comment_status":"open","ping_status":"open","sticky":false,"template":"","format":"standard","meta":{"ngg_post_thumbnail":0,"footnotes":""},"categories":[6],"tags":[],"_links":{"self":[{"href":"https:\/\/www.cuadernosviajeros.com\/index.php?rest_route=\/wp\/v2\/posts\/2698"}],"collection":[{"href":"https:\/\/www.cuadernosviajeros.com\/index.php?rest_route=\/wp\/v2\/posts"}],"about":[{"href":"https:\/\/www.cuadernosviajeros.com\/index.php?rest_route=\/wp\/v2\/types\/post"}],"author":[{"embeddable":true,"href":"https:\/\/www.cuadernosviajeros.com\/index.php?rest_route=\/wp\/v2\/users\/2"}],"replies":[{"embeddable":true,"href":"https:\/\/www.cuadernosviajeros.com\/index.php?rest_route=%2Fwp%2Fv2%2Fcomments&post=2698"}],"version-history":[{"count":0,"href":"https:\/\/www.cuadernosviajeros.com\/index.php?rest_route=\/wp\/v2\/posts\/2698\/revisions"}],"wp:attachment":[{"href":"https:\/\/www.cuadernosviajeros.com\/index.php?rest_route=%2Fwp%2Fv2%2Fmedia&parent=2698"}],"wp:term":[{"taxonomy":"category","embeddable":true,"href":"https:\/\/www.cuadernosviajeros.com\/index.php?rest_route=%2Fwp%2Fv2%2Fcategories&post=2698"},{"taxonomy":"post_tag","embeddable":true,"href":"https:\/\/www.cuadernosviajeros.com\/index.php?rest_route=%2Fwp%2Fv2%2Ftags&post=2698"}],"curies":[{"name":"wp","href":"https:\/\/api.w.org\/{rel}","templated":true}]}}