{"id":828,"date":"2013-02-03T11:21:37","date_gmt":"2013-02-03T10:21:37","guid":{"rendered":"http:\/\/www.cuadernosviajeros.com\/?p=828"},"modified":"2013-02-03T11:21:37","modified_gmt":"2013-02-03T10:21:37","slug":"cuadernos-viajeros-en-la-prensa-4","status":"publish","type":"post","link":"https:\/\/www.cuadernosviajeros.com\/?p=828","title":{"rendered":"Cuadernos Viajeros en la prensa"},"content":{"rendered":"<p>Ma\u00f1ana, lunes 4 de febrero, saldr\u00e1 en La Verdad la columna de Juan Llorens de Entornos espec\u00edficos titulada \u00abCuadernos de dibujo\u00bb.<\/p>\n","protected":false},"excerpt":{"rendered":"<p>Ma\u00f1ana, lunes 4 de febrero, saldr\u00e1 en La Verdad la columna de Juan Llorens de Entornos espec\u00edficos titulada \u00abCuadernos de dibujo\u00bb.<\/p>\n","protected":false},"author":1,"featured_media":0,"comment_status":"open","ping_status":"open","sticky":false,"template":"","format":"standard","meta":{"ngg_post_thumbnail":0,"footnotes":""},"categories":[14],"tags":[],"_links":{"self":[{"href":"https:\/\/www.cuadernosviajeros.com\/index.php?rest_route=\/wp\/v2\/posts\/828"}],"collection":[{"href":"https:\/\/www.cuadernosviajeros.com\/index.php?rest_route=\/wp\/v2\/posts"}],"about":[{"href":"https:\/\/www.cuadernosviajeros.com\/index.php?rest_route=\/wp\/v2\/types\/post"}],"author":[{"embeddable":true,"href":"https:\/\/www.cuadernosviajeros.com\/index.php?rest_route=\/wp\/v2\/users\/1"}],"replies":[{"embeddable":true,"href":"https:\/\/www.cuadernosviajeros.com\/index.php?rest_route=%2Fwp%2Fv2%2Fcomments&post=828"}],"version-history":[{"count":0,"href":"https:\/\/www.cuadernosviajeros.com\/index.php?rest_route=\/wp\/v2\/posts\/828\/revisions"}],"wp:attachment":[{"href":"https:\/\/www.cuadernosviajeros.com\/index.php?rest_route=%2Fwp%2Fv2%2Fmedia&parent=828"}],"wp:term":[{"taxonomy":"category","embeddable":true,"href":"https:\/\/www.cuadernosviajeros.com\/index.php?rest_route=%2Fwp%2Fv2%2Fcategories&post=828"},{"taxonomy":"post_tag","embeddable":true,"href":"https:\/\/www.cuadernosviajeros.com\/index.php?rest_route=%2Fwp%2Fv2%2Ftags&post=828"}],"curies":[{"name":"wp","href":"https:\/\/api.w.org\/{rel}","templated":true}]}}